{"id":9953,"date":"2015-11-26T15:05:21","date_gmt":"2015-11-26T18:05:21","guid":{"rendered":"http:\/\/pcb.org.br\/portal2\/?p=9953"},"modified":"2015-12-16T20:00:07","modified_gmt":"2015-12-16T23:00:07","slug":"i-encontro-nacional-do-coletivo-feminista-classista-ana-montenegro-2","status":"publish","type":"post","link":"https:\/\/pcb.org.br\/portal2\/9953","title":{"rendered":"I Encontro Nacional do Coletivo Feminista Classista Ana Montenegro"},"content":{"rendered":"<p><img decoding=\"async\" class=\"imagem\" title=\"imagem\" src=\"https:\/\/lh3.googleusercontent.com\/PfI2Lax5_qzyH1oJgijHmuBEBaqQ63PB3EI5ZqHlKHk=w1366-h768\" alt=\"imagem\" \/>O Coletivo Feminista Classista Ana Montenegro realizou o seu primeiro Encontro Nacional no \u00faltimo fim de semana, nos dias 20, 21 e 22 de Novembro na cidade de S\u00e3o Paulo. A capital paulista recebeu cerca de 120 mulheres, que vieram de todas as partes do Brasil, para juntas, decidirem a linha pol\u00edtica da organiza\u00e7\u00e3o para os pr\u00f3ximos 3 anos.<!--more--><\/p>\n<p>Apesar do evento ter sido realizado em tr\u00eas dias, as pr\u00e9-teses do encontro j\u00e1 haviam sido discutidas pelos Estados, que formularam contribui\u00e7\u00f5es, que foram discutidas e votadas em plen\u00e1ria. O saldo final disso tudo foi a constru\u00e7\u00e3o coletiva e democr\u00e1tica das resolu\u00e7\u00f5es do Ana Montenegro.<\/p>\n<p>Durante o Encontro alguns pontos pol\u00eamicos foram discutidos, entre eles, a quest\u00e3o do aborto e da prostitui\u00e7\u00e3o. Nos calorosos debates, a busca pelo consenso pol\u00edtico foi \u00e1rdua, mas nem sempre bem sucedida, fato que tornou muitos pontos cansativos e dif\u00edceis. Um relato feito por Carolina Lopes, Sec. Pol\u00edtica do Coletivo, postado em sua p\u00e1gina pessoal do Facebook, reflete bem o que foi esse encontro:<\/p>\n<blockquote><p><i>&#8220;&#8230;na plen\u00e1ria final, camaradas lideran\u00e7as do pa\u00eds inteiro confrontavam e defendiam como leoas suas posi\u00e7\u00f5es pol\u00edticas. Era real, eu dizia para mim&#8230; Naquele momento, era imposs\u00edvel eu defender o que formulava por anos, minha admira\u00e7\u00e3o misturava-se com respeito e paix\u00e3o. Pensava que elas n\u00e3o observavam, que para chegarem at\u00e9 ali, todas eram mulheres casca grossa, valentes, briguentas, geniosas revolucion\u00e1rias&#8230;<\/i><i> &#8220;<\/i><\/p><\/blockquote>\n<p><b>Tamb\u00e9m teve festa!<\/b><\/p>\n<p>N\u00e3o h\u00e1 d\u00favidas que 2015 foi (e est\u00e1 sendo) um ano marcante para o Coletivo Feminista Classista Ana Montenegro, isso porque al\u00e9m de realizar o primeiro Encontro Nacional (depois de dez anos de cria\u00e7\u00e3o), tamb\u00e9m comemorou o centen\u00e1rio de Ana Montenegro, militante do Partido Comunista que deu nome \u00e0 organiza\u00e7\u00e3o e que serve de refer\u00eancia (pr\u00e1tica e te\u00f3rica) \u00e0s feministas organizadas.<\/p>\n<p>Para celebrar esse ano hist\u00f3rico, o Coletivo organizou uma grande Festa no ERLA (Espa\u00e7o da Rosa Latino Americana), no centro de S\u00e3o Paulo. O evento contou com a presen\u00e7a das artistas Karina Fran\u00e7a e Nina Rosa, que fizeram exibi\u00e7\u00f5es extraordin\u00e1rias. Era praticamente imposs\u00edvel n\u00e3o entrar no clima revolucion\u00e1rio do ambiente.<\/p>\n<p><b>O Feminismo Classista avan\u00e7a!<\/b><\/p>\n<p>O I Encontro Nacional do Ana Montenegro foi um importante passo para o crescimento do feminismo classista no Brasil. Com a linha pol\u00edtica e organizativa s\u00f3lidas, as militantes feministas do Ana Montenegro voltaram para os seus Estados com o f\u00f4lego renovado e prontas para combater o machismo em todas esferas sociais, sem esquecer que o grande inimigo por tr\u00e1s de todas opress\u00f5es \u00e9 o capitalismo.<\/p>\n<p>Renato M. Mendes<\/p>\n","protected":false},"excerpt":{"rendered":"O Coletivo Feminista Classista Ana Montenegro realizou o seu primeiro Encontro Nacional no \u00faltimo fim de semana, nos dias 20, 21 e 22 \n<a class=\"moretag\" href=\"https:\/\/pcb.org.br\/portal2\/9953\"> <\/a>","protected":false},"author":1,"featured_media":0,"comment_status":"closed","ping_status":"closed","sticky":false,"template":"","format":"standard","meta":{"jetpack_post_was_ever_published":false,"_jetpack_newsletter_access":"","_jetpack_dont_email_post_to_subs":false,"_jetpack_newsletter_tier_id":0,"_jetpack_memberships_contains_paywalled_content":false,"_jetpack_memberships_contains_paid_content":false,"footnotes":"","jetpack_publicize_message":"","jetpack_publicize_feature_enabled":true,"jetpack_social_post_already_shared":true,"jetpack_social_options":{"image_generator_settings":{"template":"highway","default_image_id":0,"font":"","enabled":false},"version":2}},"categories":[22],"tags":[],"class_list":["post-9953","post","type-post","status-publish","format-standard","hentry","category-c3-coletivo-ana-montenegro"],"jetpack_publicize_connections":[],"jetpack_featured_media_url":"","jetpack_shortlink":"https:\/\/wp.me\/p659gw-2Ax","jetpack-related-posts":[],"jetpack_likes_enabled":true,"jetpack_sharing_enabled":true,"_links":{"self":[{"href":"https:\/\/pcb.org.br\/portal2\/wp-json\/wp\/v2\/posts\/9953","targetHints":{"allow":["GET"]}}],"collection":[{"href":"https:\/\/pcb.org.br\/portal2\/wp-json\/wp\/v2\/posts"}],"about":[{"href":"https:\/\/pcb.org.br\/portal2\/wp-json\/wp\/v2\/types\/post"}],"author":[{"embeddable":true,"href":"https:\/\/pcb.org.br\/portal2\/wp-json\/wp\/v2\/users\/1"}],"replies":[{"embeddable":true,"href":"https:\/\/pcb.org.br\/portal2\/wp-json\/wp\/v2\/comments?post=9953"}],"version-history":[{"count":0,"href":"https:\/\/pcb.org.br\/portal2\/wp-json\/wp\/v2\/posts\/9953\/revisions"}],"wp:attachment":[{"href":"https:\/\/pcb.org.br\/portal2\/wp-json\/wp\/v2\/media?parent=9953"}],"wp:term":[{"taxonomy":"category","embeddable":true,"href":"https:\/\/pcb.org.br\/portal2\/wp-json\/wp\/v2\/categories?post=9953"},{"taxonomy":"post_tag","embeddable":true,"href":"https:\/\/pcb.org.br\/portal2\/wp-json\/wp\/v2\/tags?post=9953"}],"curies":[{"name":"wp","href":"https:\/\/api.w.org\/{rel}","templated":true}]}}