{"id":9959,"date":"2015-11-28T20:22:40","date_gmt":"2015-11-28T23:22:40","guid":{"rendered":"http:\/\/pcb.org.br\/portal2\/?p=9959"},"modified":"2015-12-16T20:00:17","modified_gmt":"2015-12-16T23:00:17","slug":"mocao-de-solidariedade-ao-camarada-mauro-iasi","status":"publish","type":"post","link":"https:\/\/pcb.org.br\/portal2\/9959","title":{"rendered":"Mo\u00e7\u00e3o de solidariedade ao Camarada Mauro Iasi"},"content":{"rendered":"<p><img decoding=\"async\" class=\"imagem\" title=\"imagem\" src=\"https:\/\/lh3.googleusercontent.com\/OIyfetxUH3LjkJWi2-Z-yPtPiELvphTa9I-6VTktsrY=w1366-h768\" alt=\"imagem\" \/>Os delegados do 2\u00ba CORTECT- Congresso Regional do Estado do Piau\u00ed, reunidos nos dias 20, 21 e 22 de Novembro, aprovou mo\u00e7\u00e3o de solidariedade ao companheiro Mauro Iasi, que no meados do m\u00eas de outubro, ap\u00f3s contundente fala e finalizando com leitura do poema de Bertold Brecht \u2013 \u201cPerguntas a um bom homem\u201d, no Congresso da CSP-Conlutas, contra for\u00e7as pol\u00edticas que defendem o obscurantismo intelectual, a <!--more-->regress\u00e3o dos direitos civis e o retorno da ditadura militar, o professor da UFRJ e militante do PCB, Mauro Iasi, tem recebido amea\u00e7as contra a sua vida e a de seus familiares.\u00a0Desde aquele momento, os odiosos representantes dessa direita regressiva t\u00eam inundado as redes sociais com sua cantilena anticomunista, efetuado telefonemas amea\u00e7adores e, ainda, atuado no pr\u00f3prio local de trabalho de Iasi para intimid\u00e1-lo. Com isso, tentam demov\u00ea-lo de sua hist\u00f3rica e aguerrida milit\u00e2ncia em prol dos direitos civis, trabalhistas e sociais e, principalmente, de sua luta pela constru\u00e7\u00e3o de uma sociedade mais justa, fraterna e igualit\u00e1ria; em suma, de uma sociedade comunista.<\/p>\n<p>Cientes da gravidade desse atentado ao direito de express\u00e3o e dos perigos que rondam a sociedade brasileira \u2013 e, sobretudo, as massas populares \u2013 com o fortalecimento dessas manifesta\u00e7\u00f5es e posicionamentos de tend\u00eancias fascistas, os delegados do 2\u00ba CORTEC fornece apoio e solidariedade a Mauro Iasi e seus familiares.<\/p>\n<p>Teresina 22 de novembro de 2015<\/p>\n","protected":false},"excerpt":{"rendered":"Os delegados do 2\u00ba CORTECT- Congresso Regional do Estado do Piau\u00ed, reunidos nos dias 20, 21 e 22 de Novembro, aprovou mo\u00e7\u00e3o de \n<a class=\"moretag\" href=\"https:\/\/pcb.org.br\/portal2\/9959\"> <\/a>","protected":false},"author":1,"featured_media":0,"comment_status":"closed","ping_status":"closed","sticky":false,"template":"","format":"standard","meta":{"jetpack_post_was_ever_published":false,"_jetpack_newsletter_access":"","_jetpack_dont_email_post_to_subs":false,"_jetpack_newsletter_tier_id":0,"_jetpack_memberships_contains_paywalled_content":false,"_jetpack_memberships_contains_paid_content":false,"footnotes":"","jetpack_publicize_message":"","jetpack_publicize_feature_enabled":true,"jetpack_social_post_already_shared":true,"jetpack_social_options":{"image_generator_settings":{"template":"highway","default_image_id":0,"font":"","enabled":false},"version":2}},"categories":[176],"tags":[],"class_list":["post-9959","post","type-post","status-publish","format-standard","hentry","category-mauro-iasipcb"],"jetpack_publicize_connections":[],"jetpack_featured_media_url":"","jetpack_shortlink":"https:\/\/wp.me\/p659gw-2AD","jetpack-related-posts":[],"jetpack_likes_enabled":true,"jetpack_sharing_enabled":true,"_links":{"self":[{"href":"https:\/\/pcb.org.br\/portal2\/wp-json\/wp\/v2\/posts\/9959","targetHints":{"allow":["GET"]}}],"collection":[{"href":"https:\/\/pcb.org.br\/portal2\/wp-json\/wp\/v2\/posts"}],"about":[{"href":"https:\/\/pcb.org.br\/portal2\/wp-json\/wp\/v2\/types\/post"}],"author":[{"embeddable":true,"href":"https:\/\/pcb.org.br\/portal2\/wp-json\/wp\/v2\/users\/1"}],"replies":[{"embeddable":true,"href":"https:\/\/pcb.org.br\/portal2\/wp-json\/wp\/v2\/comments?post=9959"}],"version-history":[{"count":0,"href":"https:\/\/pcb.org.br\/portal2\/wp-json\/wp\/v2\/posts\/9959\/revisions"}],"wp:attachment":[{"href":"https:\/\/pcb.org.br\/portal2\/wp-json\/wp\/v2\/media?parent=9959"}],"wp:term":[{"taxonomy":"category","embeddable":true,"href":"https:\/\/pcb.org.br\/portal2\/wp-json\/wp\/v2\/categories?post=9959"},{"taxonomy":"post_tag","embeddable":true,"href":"https:\/\/pcb.org.br\/portal2\/wp-json\/wp\/v2\/tags?post=9959"}],"curies":[{"name":"wp","href":"https:\/\/api.w.org\/{rel}","templated":true}]}}