{"id":9996,"date":"2015-12-09T15:06:39","date_gmt":"2015-12-09T18:06:39","guid":{"rendered":"http:\/\/pcb.org.br\/portal2\/?p=9996"},"modified":"2016-01-05T12:26:11","modified_gmt":"2016-01-05T15:26:11","slug":"karl-marx-segundo-friedrich-engels","status":"publish","type":"post","link":"https:\/\/pcb.org.br\/portal2\/9996","title":{"rendered":"Karl Marx, segundo Friedrich Engels"},"content":{"rendered":"<p><img data-recalc-dims=\"1\" decoding=\"async\" class=\"imagem\" title=\"imagem\" src=\"https:\/\/i0.wp.com\/lh5.googleusercontent.com\/-bDs7UZQdV58\/Vj1FUutiInI\/AAAAAAAALDQ\/i_AwfEmTWP8\/w371-h527-no\/pp6.png?w=747&#038;ssl=1\" alt=\"imagem\" \/>Em junho de 1877, Friedrich Engels escreveu o artigo \u201cKarl Marx\u201d, texto que, al\u00e9m de descrever a trajet\u00f3ria intelectual e pol\u00edtica de seu companheiro de lutas e ideias, destaca duas contribui\u00e7\u00f5es te\u00f3ricas consideradas por ele fundamentais para a luta revolucion\u00e1ria a ser desenvolvida pela classe trabalhadora.<!--more--><\/p>\n<p>Dentre as numerosas descobertas cient\u00edficas de Marx, uma das mais importantes foi a revolu\u00e7\u00e3o promovida na concep\u00e7\u00e3o da hist\u00f3ria universal. Contrapondo-se \u00e0 vis\u00e3o dominante sobre a Hist\u00f3ria, cujo maior representante era o fil\u00f3sofo alem\u00e3o Hegel, segundo a qual as causas \u00faltimas de todas as mudan\u00e7as hist\u00f3ricas deviam ser procuradas nas transforma\u00e7\u00f5es que se operam nas ideias dos homens, Marx demonstrou que toda a hist\u00f3ria da humanidade \u00e9 a hist\u00f3ria das lutas de classes, a hist\u00f3ria das disputas e confrontos entre as classes sociais pelo poder econ\u00f4mico, social e pol\u00edtico. A Hist\u00f3ria foi pela primeira vez colocada sobre as suas bases reais: o fato de que os homens, antes de tudo, t\u00eam de comer, beber, abrigar-se e vestir-se, ou seja, t\u00eam que <em>trabalhar<\/em> para fazer pol\u00edtica, lutar pelo poder, dedicarem-se \u00e0 religi\u00e3o, filosofia etc. Esta nova concep\u00e7\u00e3o da Hist\u00f3ria, din\u00e2mica, dial\u00e9tica, em constante processo de transforma\u00e7\u00e3o, possibilita projetar o caminho revolucion\u00e1rio do proletariado, classe que, por sua situa\u00e7\u00e3o dentro da sociedade, s\u00f3 pode emancipar-se pondo fim a toda domina\u00e7\u00e3o de classe, a toda sujei\u00e7\u00e3o e explora\u00e7\u00e3o, com vistas a garantir que os frutos da produ\u00e7\u00e3o social sejam distribu\u00eddos de forma igualit\u00e1ria a todos os trabalhadores.<\/p>\n<p>A segunda descoberta importante de Marx foi a explica\u00e7\u00e3o definitiva sobre a rela\u00e7\u00e3o entre capital e trabalho, demonstrando como, na sociedade capitalista, se d\u00e1 a explora\u00e7\u00e3o do oper\u00e1rio pelo capitalista. O modo de produ\u00e7\u00e3o capitalista tem por premissa a exist\u00eancia de duas classes sociais: de um lado, os capitalistas, donos dos meios de produ\u00e7\u00e3o e dos meios de vida; de outro lado, os prolet\u00e1rios que, exclu\u00eddos da propriedade dos meios de produ\u00e7\u00e3o, t\u00eam apenas uma mercadoria para vender: a sua for\u00e7a de trabalho. Marx desenvolveu a teoria do mais-valor (ou mais valia): partindo da ideia segundo a qual o valor de toda mercadoria \u00e9 determinado pela quantidade de trabalho socialmente necess\u00e1rio incorporado na sua produ\u00e7\u00e3o e na sua reprodu\u00e7\u00e3o, concluiu que o valor da for\u00e7a de trabalho de um homem durante um dia, um m\u00eas, um ano \u00e9 determinado pela quantidade de trabalho necess\u00e1ria para a produ\u00e7\u00e3o dos meios que sustentam essa for\u00e7a de trabalho durante um dia, um m\u00eas, um ano. O capitalista paga ao oper\u00e1rio aquilo que \u00e9 estritamente necess\u00e1rio para a reprodu\u00e7\u00e3o da for\u00e7a de trabalho, no per\u00edodo coberto pelo sal\u00e1rio. Mas o trabalho do oper\u00e1rio a servi\u00e7o do capitalista n\u00e3o se limita a repor o valor da sua for\u00e7a de trabalho. Al\u00e9m e acima disso, o trabalhador tem capacidade f\u00edsica e mental \u2013 e \u00e9 for\u00e7ado a agir assim pelo patr\u00e3o e pelas regras da economia de mercado \u2013 para criar, atrav\u00e9s do que produz, um valor maior.<\/p>\n<p>Todas as riquezas consumidas ou acumuladas pelas classes propriet\u00e1rias s\u00e3o retiradas do mais valor produzido pela classe trabalhadora como um todo. O enriquecimento dos capitalistas parte da apropria\u00e7\u00e3o de trabalho que n\u00e3o \u00e9 pago ao trabalhador. Marx, assim, desmascarou a sociedade burguesa, provando que esta se sustenta na explora\u00e7\u00e3o da imensa maioria do povo por uma minoria insignificante e cada vez mais reduzida.<\/p>\n","protected":false},"excerpt":{"rendered":"Em junho de 1877, Friedrich Engels escreveu o artigo \u201cKarl Marx\u201d, texto que, al\u00e9m de descrever a trajet\u00f3ria intelectual e pol\u00edtica de seu \n<a class=\"moretag\" href=\"https:\/\/pcb.org.br\/portal2\/9996\"> <\/a>","protected":false},"author":1,"featured_media":0,"comment_status":"closed","ping_status":"closed","sticky":false,"template":"","format":"standard","meta":{"jetpack_post_was_ever_published":false,"_jetpack_newsletter_access":"","_jetpack_dont_email_post_to_subs":false,"_jetpack_newsletter_tier_id":0,"_jetpack_memberships_contains_paywalled_content":false,"_jetpack_memberships_contains_paid_content":false,"footnotes":"","jetpack_publicize_message":"","jetpack_publicize_feature_enabled":true,"jetpack_social_post_already_shared":true,"jetpack_social_options":{"image_generator_settings":{"template":"highway","default_image_id":0,"font":"","enabled":false},"version":2}},"categories":[140],"tags":[],"class_list":["post-9996","post","type-post","status-publish","format-standard","hentry","category-c140-jornal-o-poder-popular"],"jetpack_publicize_connections":[],"jetpack_featured_media_url":"","jetpack_shortlink":"https:\/\/wp.me\/p659gw-2Be","jetpack-related-posts":[],"jetpack_likes_enabled":true,"jetpack_sharing_enabled":true,"_links":{"self":[{"href":"https:\/\/pcb.org.br\/portal2\/wp-json\/wp\/v2\/posts\/9996","targetHints":{"allow":["GET"]}}],"collection":[{"href":"https:\/\/pcb.org.br\/portal2\/wp-json\/wp\/v2\/posts"}],"about":[{"href":"https:\/\/pcb.org.br\/portal2\/wp-json\/wp\/v2\/types\/post"}],"author":[{"embeddable":true,"href":"https:\/\/pcb.org.br\/portal2\/wp-json\/wp\/v2\/users\/1"}],"replies":[{"embeddable":true,"href":"https:\/\/pcb.org.br\/portal2\/wp-json\/wp\/v2\/comments?post=9996"}],"version-history":[{"count":0,"href":"https:\/\/pcb.org.br\/portal2\/wp-json\/wp\/v2\/posts\/9996\/revisions"}],"wp:attachment":[{"href":"https:\/\/pcb.org.br\/portal2\/wp-json\/wp\/v2\/media?parent=9996"}],"wp:term":[{"taxonomy":"category","embeddable":true,"href":"https:\/\/pcb.org.br\/portal2\/wp-json\/wp\/v2\/categories?post=9996"},{"taxonomy":"post_tag","embeddable":true,"href":"https:\/\/pcb.org.br\/portal2\/wp-json\/wp\/v2\/tags?post=9996"}],"curies":[{"name":"wp","href":"https:\/\/api.w.org\/{rel}","templated":true}]}}